{"id":9662,"date":"2020-04-24T19:56:00","date_gmt":"2020-04-24T17:56:00","guid":{"rendered":"http:\/\/dahofficial.com\/wordpress\/?p=9662"},"modified":"2020-07-19T19:08:41","modified_gmt":"2020-07-19T17:08:41","slug":"le-jour-dapres","status":"publish","type":"post","link":"https:\/\/dahofficial.com\/wordpress\/2020\/04\/le-jour-dapres\/","title":{"rendered":"Le jour d&rsquo;apr\u00e8s"},"content":{"rendered":"<p>Publi\u00e9 le 24 avril 2020<\/p>\n<p><strong>SORTIE : \u00ab LE JOUR D\u2019APRES \u00bb le 22 avril 2020 <\/strong><\/p>\n<p>\u00ab Le Jour d\u2019apr\u00e8s \u00bb est un collectif de musiciens rennais r\u00e9unis dans une compilation pour soutenir le personnel du CHU de Rennes et les soignants dans la lutte contre le Covid 19.<\/p>\n<p>Chaque artiste a offert un titre pour la r\u00e9alisation de cet album num\u00e9rique mis en vente sur la plateforme Bandcamp. La totalit\u00e9 des ventes de cette compilation, recueillie par le Lions Club de Rennes, sera revers\u00e9e au Fonds Nomino\u00eb pour le b\u00e9n\u00e9fice des professionnels du CHU de Rennes. Merci pour votre contribution.<br \/>\n&nbsp;<br \/>\n<a href=\"https:\/\/lejourdapres.bandcamp.com\/releases?fbclid=IwAR0MeTUCY__MMQqGAAkSuIKl2sni3VVvnUR0BpEZnh8t_EJy1qqOufcxGNo\" target=\"_blank\" rel=\"noopener noreferrer\"><strong>L&rsquo;album ici<\/strong><\/a><br \/>\n&nbsp;<br \/>\n<a href=\"https:\/\/www.fonds-nominoe.fr\/\" target=\"_blank\" rel=\"noopener noreferrer\"><strong>Faites un don sur https:\/\/www.fonds-nominoe.fr\/<\/strong><\/a><br \/>\n&nbsp;<br \/>\n<img decoding=\"async\" style=\"border: none;\" src=\"http:\/\/dahofficial.com\/wordpress\/wp-content\/themes\/dahofficial\/discographie\/blitz\/images\/20200400_LeJourDApres_Pochette_560\" border=\"0\" alt=\"Etienne Daho - Le jour d'apr\u00e8s - Collectif\" width=\"560\"><br \/>\n&nbsp;<\/p>\n","protected":false},"excerpt":{"rendered":"<p>Publi\u00e9 le 24 avril 2020 SORTIE : \u00ab LE JOUR D\u2019APRES \u00bb le 22 avril 2020 \u00ab Le Jour d\u2019apr\u00e8s \u00bb est un collectif de musiciens rennais r\u00e9unis dans une compilation pour soutenir le personnel du CHU de Rennes et les soignants dans la lutte contre le Covid 19. Chaque artiste a offert un titre [&hellip;]<\/p>\n","protected":false},"author":3,"featured_media":0,"comment_status":"open","ping_status":"open","sticky":false,"template":"","format":"standard","meta":{"footnotes":""},"categories":[1],"tags":[],"_links":{"self":[{"href":"https:\/\/dahofficial.com\/wordpress\/wp-json\/wp\/v2\/posts\/9662"}],"collection":[{"href":"https:\/\/dahofficial.com\/wordpress\/wp-json\/wp\/v2\/posts"}],"about":[{"href":"https:\/\/dahofficial.com\/wordpress\/wp-json\/wp\/v2\/types\/post"}],"author":[{"embeddable":true,"href":"https:\/\/dahofficial.com\/wordpress\/wp-json\/wp\/v2\/users\/3"}],"replies":[{"embeddable":true,"href":"https:\/\/dahofficial.com\/wordpress\/wp-json\/wp\/v2\/comments?post=9662"}],"version-history":[{"count":4,"href":"https:\/\/dahofficial.com\/wordpress\/wp-json\/wp\/v2\/posts\/9662\/revisions"}],"predecessor-version":[{"id":9807,"href":"https:\/\/dahofficial.com\/wordpress\/wp-json\/wp\/v2\/posts\/9662\/revisions\/9807"}],"wp:attachment":[{"href":"https:\/\/dahofficial.com\/wordpress\/wp-json\/wp\/v2\/media?parent=9662"}],"wp:term":[{"taxonomy":"category","embeddable":true,"href":"https:\/\/dahofficial.com\/wordpress\/wp-json\/wp\/v2\/categories?post=9662"},{"taxonomy":"post_tag","embeddable":true,"href":"https:\/\/dahofficial.com\/wordpress\/wp-json\/wp\/v2\/tags?post=9662"}],"curies":[{"name":"wp","href":"https:\/\/api.w.org\/{rel}","templated":true}]}}