{"id":8790,"date":"2019-03-11T12:25:51","date_gmt":"2019-03-11T10:25:51","guid":{"rendered":"http:\/\/dahofficial.com\/wordpress\/?p=8790"},"modified":"2020-04-21T20:54:25","modified_gmt":"2020-04-21T18:54:25","slug":"daho-par-daho-le-documentaire-inedit-france-3","status":"publish","type":"post","link":"https:\/\/dahofficial.com\/wordpress\/2019\/03\/daho-par-daho-le-documentaire-inedit-france-3\/","title":{"rendered":"Daho par Daho : <br\/>Le documentaire in\u00e9dit France 3"},"content":{"rendered":"<p>Publi\u00e9 le 11 mars 2019<br \/>\nModifi\u00e9 le 12 janvier 2020<\/p>\n<p><strong>DAHO PAR DAHO: LE DOCUMENTAIRE IN\u00c9DIT<\/strong><\/p>\n<p>Le vendredi 22 mars \u00e0 23h05 sur France 3.<br \/>\nEcrit par Christophe Conte<br \/>\nR\u00e9alis\u00e9 par Sylvain Berg\u00e8re<\/p>\n<p><iframe loading=\"lazy\" width=\"560\" height=\"315\" src=\"https:\/\/www.youtube.com\/embed\/tmS63LLwvno\" frameborder=\"0\" allow=\"accelerometer; autoplay; encrypted-media; gyroscope; picture-in-picture\" allowfullscreen=\"\"><\/iframe><\/p>\n<p>&nbsp;<\/p>\n<p><a href=\"https:\/\/www.facebook.com\/directionartistiquef3\/videos\/253136948899490\/\" target=\"_blank\" rel=\"noopener noreferrer\"> Le Trailer Ici<\/a><\/p>\n<p>Photo: Mauro Mongiello pour Num\u00e9ro.<br \/>\n<img decoding=\"async\" style=\"border: none;\" src=\"http:\/\/dahofficial.com\/wordpress\/wp-content\/themes\/dahofficial\/discographie\/blitz\/images\/EtienneDaho_Blitz_CreditMauroMongielloPourNumero_560.png\" border=\"0\" alt=\"Etienne Daho - Blitz\" width=\"560\"><\/p>\n<p>Etienne Daho est en concert dans toute la France. Avant le d\u00e9marrage de cette tourn\u00e9e marathon, il a accept\u00e9 d&rsquo;accorder du temps \u00e0 France 3 pour une longue interview destin\u00e9e \u00e0 nourrir un film r\u00e9trospectif de sa carri\u00e8re, entam\u00e9e \u00e0 la fin des ann\u00e9es 70 \u00e0 Rennes, puis poursuivie avec succ\u00e8s tout au long des quatre d\u00e9cennies suivantes, pour aboutir \u00e0 son dernier album, le tr\u00e8s acclam\u00e9 Blitz.<\/p>\n<p>Etienne Daho doit \u00e0 l\u2019\u00e9vidence sa long\u00e9vit\u00e9 au renouvellement constant de son vocabulaire musical, \u00e0 la richesse de ses collaborations, \u00e0 ses nombreux tubes pr\u00e9sents dans la m\u00e9moire de tous, mais aussi \u00e0 la raret\u00e9 de sa parole.<br \/>\nUn film avec lui pour raconter les grandes \u00e9tapes de son initiation musicale, ainsi que les diff\u00e9rentes p\u00e9riodes de sa carri\u00e8re, des d\u00e9buts malhabiles sur la sc\u00e8ne des Transmusicales de Rennes jusqu\u2019aux r\u00e9cents triomphes de ses tourn\u00e9es, avec en ponctuation une douzaine d\u2019albums qui ont profond\u00e9ment marqu\u00e9 le paysage musical de la chanson et de la pop fran\u00e7aise.<\/p>\n<p>Un seul intervenant, le principal int\u00e9ress\u00e9, habill\u00e9 d\u2019images d\u2019archives, dont beaucoup d\u2019in\u00e9dites fournies par Etienne Daho lui-m\u00eame (tournages en studio, images live et priv\u00e9es). Il y sera beaucoup question de musique, de la sienne et de celle qu\u2019il a su r\u00e9v\u00e9ler chez d\u2019autres, mais aussi de son itin\u00e9raire singulier d\u2019enfant d\u2019Alg\u00e9rie, parvenu avec une force de conviction hors du commun au statut de star, et qui a su g\u00e9rer sa carri\u00e8re sans jamais conna\u00eetre de p\u00e9riodes creuses ni d\u2019\u00e9checs.<\/p>\n","protected":false},"excerpt":{"rendered":"<p>Publi\u00e9 le 11 mars 2019 Modifi\u00e9 le 12 janvier 2020 DAHO PAR DAHO: LE DOCUMENTAIRE IN\u00c9DIT Le vendredi 22 mars \u00e0 23h05 sur France 3. Ecrit par Christophe Conte R\u00e9alis\u00e9 par Sylvain Berg\u00e8re &nbsp; Le Trailer Ici Photo: Mauro Mongiello pour Num\u00e9ro. Etienne Daho est en concert dans toute la France. Avant le d\u00e9marrage de [&hellip;]<\/p>\n","protected":false},"author":3,"featured_media":0,"comment_status":"open","ping_status":"open","sticky":false,"template":"","format":"standard","meta":{"footnotes":""},"categories":[1,9],"tags":[],"_links":{"self":[{"href":"https:\/\/dahofficial.com\/wordpress\/wp-json\/wp\/v2\/posts\/8790"}],"collection":[{"href":"https:\/\/dahofficial.com\/wordpress\/wp-json\/wp\/v2\/posts"}],"about":[{"href":"https:\/\/dahofficial.com\/wordpress\/wp-json\/wp\/v2\/types\/post"}],"author":[{"embeddable":true,"href":"https:\/\/dahofficial.com\/wordpress\/wp-json\/wp\/v2\/users\/3"}],"replies":[{"embeddable":true,"href":"https:\/\/dahofficial.com\/wordpress\/wp-json\/wp\/v2\/comments?post=8790"}],"version-history":[{"count":5,"href":"https:\/\/dahofficial.com\/wordpress\/wp-json\/wp\/v2\/posts\/8790\/revisions"}],"predecessor-version":[{"id":9552,"href":"https:\/\/dahofficial.com\/wordpress\/wp-json\/wp\/v2\/posts\/8790\/revisions\/9552"}],"wp:attachment":[{"href":"https:\/\/dahofficial.com\/wordpress\/wp-json\/wp\/v2\/media?parent=8790"}],"wp:term":[{"taxonomy":"category","embeddable":true,"href":"https:\/\/dahofficial.com\/wordpress\/wp-json\/wp\/v2\/categories?post=8790"},{"taxonomy":"post_tag","embeddable":true,"href":"https:\/\/dahofficial.com\/wordpress\/wp-json\/wp\/v2\/tags?post=8790"}],"curies":[{"name":"wp","href":"https:\/\/api.w.org\/{rel}","templated":true}]}}