{"id":6531,"date":"2016-08-05T23:48:30","date_gmt":"2016-08-05T21:48:30","guid":{"rendered":"http:\/\/dahofficial.com\/wordpress\/?p=6531"},"modified":"2016-09-03T17:16:35","modified_gmt":"2016-09-03T15:16:35","slug":"etienne-photographe-au-midi-festival","status":"publish","type":"post","link":"https:\/\/dahofficial.com\/wordpress\/2016\/08\/etienne-photographe-au-midi-festival\/","title":{"rendered":"ETIENNE PHOTOGRAPHE AU MIDI FESTIVAL"},"content":{"rendered":"<p>Publi\u00e9 le 5 ao\u00fbt 2016<br \/>\nMis \u00e0 jour le 3 septembre 2016<\/p>\n<p>A l&rsquo;occasion du Midi Festival Etienne, invit\u00e9 comme pr\u00e9sident d&rsquo;honneur de l&rsquo;\u00e9dition 2016, a photographi\u00e9 les artistes invit\u00e9s.<\/p>\n<p>Interview d\u2019Etienne, Fr\u00e9d\u00e9ric Landini et Franck Vergeade dans les Inrocks, <a href=\"http:\/\/www.lesinrocks.com\/2016\/07\/27\/musique\/etienne-daho-a-photographie-la-nouvelle-scene-musicale-au-midi-festival-11855857\/\" target=\"_blank\"> ici m\u00eame<\/a>.<\/p>\n<div class=\"wonderplugingallery-container\" id=\"wonderplugingallery-container-1\" style=\"max-width:560px;margin:0 auto;\"><div class=\"wonderplugingallery\" id=\"wonderplugingallery-1\" data-galleryid=\"1\" data-width=\"560\" data-height=\"373\" data-skin=\"gallerywithtext\" data-autoslide=\"false\" data-autoplayvideo=\"false\" data-schemamarkup=\"false\" data-autoslideandplayafterfirstplayed=\"false\" data-html5player=\"true\" data-responsive=\"true\" data-fullwidth=\"false\" data-showtitle=\"true\" data-showdescription=\"true\" data-showplaybutton=\"true\" data-showfullscreenbutton=\"true\" data-showtimer=\"true\" data-showcarousel=\"true\" data-galleryshadow=\"false\" data-slideshadow=\"true\" data-thumbshowtitle=\"false\" data-thumbshadow=\"true\" data-lightboxshowtitle=\"true\" data-lightboxshowdescription=\"true\" data-specifyid=\"true\" data-donotinit=\"false\" data-addinitscript=\"false\" data-triggerresize=\"false\" data-thumbcolumnsresponsive=\"false\" data-showimgtitle=\"false\" data-titlesmallscreen=\"true\" data-initsocial=\"false\" data-showsocial=\"false\" data-showemail=\"false\" data-showfacebook=\"false\" data-showtwitter=\"false\" data-showpinterest=\"false\" data-socialrotateeffect=\"false\" data-doshortcodeontext=\"false\" data-duration=\"1500\" data-slideduration=\"1000\" data-slideshowinterval=\"3000\" data-googleanalyticsaccount=\"\" data-resizemode=\"fill\" data-imagetoolboxmode=\"mouseover\" data-effect=\"fade\" data-padding=\"12\" data-bgcolor=\"\" data-bgimage=\"\" data-thumbwidth=\"120\" data-thumbheight=\"60\" data-thumbgap=\"8\" data-thumbrowgap=\"16\" data-lightboxtextheight=\"72\" data-lightboxtitlecss=\"{color:#333333; font:bold 12px Arial,Helvetica,sans-serif; overflow:hidden; white-space:normal; line-height:18px;}\" data-lightboxdescriptioncss=\"{color:#333333; font:normal 12px Arial,Helvetica,sans-serif; overflow:hidden; white-space:normal; line-height:14px;}\" data-titlecss=\"{color:#333;font-size:14px;font-family:Armata,sans-serif,Arial;overflow:hidden;text-align:center;padding:16px 8px 4px 8px;}\" data-descriptioncss=\"{color:#333;font-size:12px;font-family:Arial,Helvetica,sans-serif;overflow:hidden;text-align:center;padding:4px 8px; }\" data-titleheight=\"72\" data-titlesmallscreenwidth=\"640\" data-titleheightsmallscreen=\"148\" data-triggerresizedelay=\"100\" data-thumbmediumsize=\"800\" data-thumbsmallsize=\"480\" data-thumbmediumwidth=\"64\" data-thumbmediumheight=\"64\" data-thumbsmallwidth=\"48\" data-thumbsmallheight=\"48\" data-jsfolder=\"https:\/\/dahofficial.com\/wordpress\/wp-content\/plugins\/wonderplugin-gallery\/engine\/\" style=\"display:none;\" ><a class=\"html5galleryimglink\" href=\"http:\/\/dahofficial.com\/wordpress\/wp-content\/uploads\/2016\/09\/MidiFestival01_FlavienBerger_560x373.png\" data-mediatype=1><img decoding=\"async\" class=\"html5galleryimg html5gallery-tn-image\" src=\"http:\/\/dahofficial.com\/wordpress\/wp-content\/uploads\/2016\/09\/MidiFestival01_FlavienBerger_560x373-150x150.png\" alt=\"Midi Festival 2016 - Flavien Berger - \u00a9EtienneDaho\"><\/a><div class=\"html5gallery-info\"><div class=\"html5gallery-title\">Midi Festival 2016 - Flavien Berger - \u00a9EtienneDaho<\/div><\/div><a class=\"html5galleryimglink\" href=\"http:\/\/dahofficial.com\/wordpress\/wp-content\/uploads\/2016\/09\/MidiFestival02_Lionlimbe_560x373.png\" data-mediatype=1><img decoding=\"async\" class=\"html5galleryimg html5gallery-tn-image\" src=\"http:\/\/dahofficial.com\/wordpress\/wp-content\/uploads\/2016\/09\/MidiFestival02_Lionlimbe_560x373-150x150.png\" alt=\"Midi Festival 2016 - Lionlimb - \u00a9EtienneDaho\"><\/a><div class=\"html5gallery-info\"><div class=\"html5gallery-title\">Midi Festival 2016 - Lionlimb - \u00a9EtienneDaho<\/div><\/div><a class=\"html5galleryimglink\" href=\"http:\/\/dahofficial.com\/wordpress\/wp-content\/uploads\/2016\/09\/MidiFestival03_RequinChagrin_560x373_FondNoir.png\" data-mediatype=1><img decoding=\"async\" class=\"html5galleryimg html5gallery-tn-image\" src=\"http:\/\/dahofficial.com\/wordpress\/wp-content\/uploads\/2016\/09\/MidiFestival03_RequinChagrin_560x373_FondNoir-150x150.png\" alt=\"Midi Festival 2016 - Requin Chagrin - \u00a9EtienneDaho\"><\/a><div class=\"html5gallery-info\"><div class=\"html5gallery-title\">Midi Festival 2016 - Requin Chagrin - \u00a9EtienneDaho<\/div><\/div><a class=\"html5galleryimglink\" href=\"http:\/\/dahofficial.com\/wordpress\/wp-content\/uploads\/2016\/09\/MidiFestival04_Pumarosa_560x373.png\" data-mediatype=1><img decoding=\"async\" class=\"html5galleryimg html5gallery-tn-image\" src=\"http:\/\/dahofficial.com\/wordpress\/wp-content\/uploads\/2016\/09\/MidiFestival04_Pumarosa_560x373-150x150.png\" alt=\"Midi Festival 2016 - Pumarosa - \u00a9EtienneDaho\"><\/a><div class=\"html5gallery-info\"><div class=\"html5gallery-title\">Midi Festival 2016 - Pumarosa - \u00a9EtienneDaho<\/div><\/div><a class=\"html5galleryimglink\" href=\"http:\/\/dahofficial.com\/wordpress\/wp-content\/uploads\/2016\/09\/MidiFestival05_BorelWood_249x373_FondNoir.png\" data-mediatype=1><img decoding=\"async\" class=\"html5galleryimg html5gallery-tn-image\" src=\"http:\/\/dahofficial.com\/wordpress\/wp-content\/uploads\/2016\/09\/MidiFestival05_BorelWood_249x373_FondNoir-150x150.png\" alt=\"Midi Festival 2016 - Anthony Herbin (Bor\u00e9al Wood) - \u00a9EtienneDaho\"><\/a><div class=\"html5gallery-info\"><div class=\"html5gallery-title\">Midi Festival 2016 - Anthony Herbin (Bor\u00e9al Wood) - \u00a9EtienneDaho<\/div><\/div><a class=\"html5galleryimglink\" href=\"http:\/\/dahofficial.com\/wordpress\/wp-content\/uploads\/2016\/09\/MidiFestival06_LaurenAuder_560x373.png\" data-mediatype=1><img decoding=\"async\" class=\"html5galleryimg html5gallery-tn-image\" src=\"http:\/\/dahofficial.com\/wordpress\/wp-content\/uploads\/2016\/09\/MidiFestival06_LaurenAuder_560x373-150x150.png\" alt=\"Midi Festival 2016 - Lauren Auder - \u00a9EtienneDaho\"><\/a><div class=\"html5gallery-info\"><div class=\"html5gallery-title\">Midi Festival 2016 - Lauren Auder - \u00a9EtienneDaho<\/div><\/div><a class=\"html5galleryimglink\" href=\"http:\/\/dahofficial.com\/wordpress\/wp-content\/uploads\/2016\/09\/MidiFestival07_Paradis_560x373.png\" data-mediatype=1><img decoding=\"async\" class=\"html5galleryimg html5gallery-tn-image\" src=\"http:\/\/dahofficial.com\/wordpress\/wp-content\/uploads\/2016\/09\/MidiFestival07_Paradis_560x373-150x150.png\" alt=\"Midi Festival 2016 - Paradis - \u00a9EtienneDaho\"><\/a><div class=\"html5gallery-info\"><div class=\"html5gallery-title\">Midi Festival 2016 - Paradis - \u00a9EtienneDaho<\/div><\/div><a class=\"html5galleryimglink\" href=\"http:\/\/dahofficial.com\/wordpress\/wp-content\/uploads\/2016\/09\/MidiFestival08_DronesClub_560x373-1.jpg\" data-mediatype=1><img decoding=\"async\" class=\"html5galleryimg html5gallery-tn-image\" src=\"http:\/\/dahofficial.com\/wordpress\/wp-content\/uploads\/2016\/09\/MidiFestival08_DronesClub_560x373-1-150x150.jpg\" alt=\"Midi Festival 2016 - Drones Club - \u00a9EtienneDaho\"><\/a><div class=\"html5gallery-info\"><div class=\"html5gallery-title\">Midi Festival 2016 - Drones Club - \u00a9EtienneDaho<\/div><\/div><a class=\"html5galleryimglink\" href=\"http:\/\/dahofficial.com\/wordpress\/wp-content\/uploads\/2016\/09\/MidiFestival09_Sweat_249x373_FondNoir.png\" data-mediatype=1><img decoding=\"async\" class=\"html5galleryimg html5gallery-tn-image\" src=\"http:\/\/dahofficial.com\/wordpress\/wp-content\/uploads\/2016\/09\/MidiFestival09_Sweat_249x373_FondNoir-150x150.png\" alt=\"Midi Festival 2016 - Dante du groupe Sweat - \u00a9EtienneDaho\"><\/a><div class=\"html5gallery-info\"><div class=\"html5gallery-title\">Midi Festival 2016 - Dante du groupe Sweat - \u00a9EtienneDaho<\/div><\/div><a class=\"html5galleryimglink\" href=\"http:\/\/dahofficial.com\/wordpress\/wp-content\/uploads\/2016\/09\/MidiFestival10_Liss_560x373.png\" data-mediatype=1><img decoding=\"async\" class=\"html5galleryimg html5gallery-tn-image\" src=\"http:\/\/dahofficial.com\/wordpress\/wp-content\/uploads\/2016\/09\/MidiFestival10_Liss_560x373-150x150.png\" alt=\"Midi Festival 2016 - Liss - \u00a9EtienneDaho\"><\/a><div class=\"html5gallery-info\"><div class=\"html5gallery-title\">Midi Festival 2016 - Liss - \u00a9EtienneDaho<\/div><\/div><a class=\"html5galleryimglink\" href=\"http:\/\/dahofficial.com\/wordpress\/wp-content\/uploads\/2016\/09\/MidiFestival11_KeepDancingInc_560x373.png\" data-mediatype=1><img decoding=\"async\" class=\"html5galleryimg html5gallery-tn-image\" src=\"http:\/\/dahofficial.com\/wordpress\/wp-content\/uploads\/2016\/09\/MidiFestival11_KeepDancingInc_560x373-150x150.png\" alt=\"Midi Festival 2016 - Keep Dancing Inc. - \u00a9EtienneDaho\"><\/a><div class=\"html5gallery-info\"><div class=\"html5gallery-title\">Midi Festival 2016 - Keep Dancing Inc. - \u00a9EtienneDaho<\/div><\/div><a class=\"html5galleryimglink\" href=\"http:\/\/dahofficial.com\/wordpress\/wp-content\/uploads\/2016\/09\/MidiFestival12_LImperatrice_560x391-1.jpg\" data-mediatype=1><img decoding=\"async\" class=\"html5galleryimg html5gallery-tn-image\" src=\"http:\/\/dahofficial.com\/wordpress\/wp-content\/uploads\/2016\/09\/MidiFestival12_LImperatrice_560x391-1-150x150.jpg\" alt=\"Midi Festival 2016 - L&#39;imp\u00e9ratrice - \u00a9EtienneDaho\"><\/a><div class=\"html5gallery-info\"><div class=\"html5gallery-title\">Midi Festival 2016 - L&#039;imp\u00e9ratrice - \u00a9EtienneDaho<\/div><\/div><a class=\"html5galleryimglink\" href=\"http:\/\/dahofficial.com\/wordpress\/wp-content\/uploads\/2016\/09\/MidiFestival13_Babe_560x373.png\" data-mediatype=1><img decoding=\"async\" class=\"html5galleryimg html5gallery-tn-image\" src=\"http:\/\/dahofficial.com\/wordpress\/wp-content\/uploads\/2016\/09\/MidiFestival13_Babe_560x373-150x150.png\" alt=\"Midi Festival 2016 - Babe - \u00a9EtienneDaho\"><\/a><div class=\"html5gallery-info\"><div class=\"html5gallery-title\">Midi Festival 2016 - Babe - \u00a9EtienneDaho<\/div><\/div><a class=\"html5galleryimglink\" href=\"http:\/\/dahofficial.com\/wordpress\/wp-content\/uploads\/2016\/09\/MidiFestival14_MenageATrois_560x403-2.jpg\" data-mediatype=1><img decoding=\"async\" class=\"html5galleryimg html5gallery-tn-image\" src=\"http:\/\/dahofficial.com\/wordpress\/wp-content\/uploads\/2016\/09\/MidiFestival14_MenageATrois_560x403-2-150x150.jpg\" alt=\"Midi Festival 2016 - M\u00e9nage \u00e0 Trois - \u00a9EtienneDaho\"><\/a><div class=\"html5gallery-info\"><div class=\"html5gallery-title\">Midi Festival 2016 - M\u00e9nage \u00e0 Trois - \u00a9EtienneDaho<\/div><\/div><\/div><\/div>\n<p><\/br><br \/>\n<img decoding=\"async\" class=\"alignnone size-full wp-image-3980\" title=\"Calypso Valois nouvel album\" src=\"http:\/\/dahofficial.com\/wordpress\/wp-content\/themes\/dahofficial\/discographie\/les_chansons_de_linnocence_retrouvee\/images\/20160700_MidiFestivalAffiche_560.jpg\" alt=\"\" width=\"560\" \/><\/p>\n<p><\/br><\/br><\/br><\/p>\n","protected":false},"excerpt":{"rendered":"<p>Publi\u00e9 le 5 ao\u00fbt 2016 Mis \u00e0 jour le 3 septembre 2016 A l&rsquo;occasion du Midi Festival Etienne, invit\u00e9 comme pr\u00e9sident d&rsquo;honneur de l&rsquo;\u00e9dition 2016, a photographi\u00e9 les artistes invit\u00e9s. Interview d\u2019Etienne, Fr\u00e9d\u00e9ric Landini et Franck Vergeade dans les Inrocks, ici m\u00eame.<\/p>\n","protected":false},"author":3,"featured_media":0,"comment_status":"open","ping_status":"open","sticky":false,"template":"","format":"standard","meta":{"footnotes":""},"categories":[1],"tags":[],"_links":{"self":[{"href":"https:\/\/dahofficial.com\/wordpress\/wp-json\/wp\/v2\/posts\/6531"}],"collection":[{"href":"https:\/\/dahofficial.com\/wordpress\/wp-json\/wp\/v2\/posts"}],"about":[{"href":"https:\/\/dahofficial.com\/wordpress\/wp-json\/wp\/v2\/types\/post"}],"author":[{"embeddable":true,"href":"https:\/\/dahofficial.com\/wordpress\/wp-json\/wp\/v2\/users\/3"}],"replies":[{"embeddable":true,"href":"https:\/\/dahofficial.com\/wordpress\/wp-json\/wp\/v2\/comments?post=6531"}],"version-history":[{"count":10,"href":"https:\/\/dahofficial.com\/wordpress\/wp-json\/wp\/v2\/posts\/6531\/revisions"}],"predecessor-version":[{"id":6566,"href":"https:\/\/dahofficial.com\/wordpress\/wp-json\/wp\/v2\/posts\/6531\/revisions\/6566"}],"wp:attachment":[{"href":"https:\/\/dahofficial.com\/wordpress\/wp-json\/wp\/v2\/media?parent=6531"}],"wp:term":[{"taxonomy":"category","embeddable":true,"href":"https:\/\/dahofficial.com\/wordpress\/wp-json\/wp\/v2\/categories?post=6531"},{"taxonomy":"post_tag","embeddable":true,"href":"https:\/\/dahofficial.com\/wordpress\/wp-json\/wp\/v2\/tags?post=6531"}],"curies":[{"name":"wp","href":"https:\/\/api.w.org\/{rel}","templated":true}]}}