{"id":5167,"date":"2014-05-07T18:48:08","date_gmt":"2014-05-07T16:48:08","guid":{"rendered":"http:\/\/dahofficial.com\/wordpress\/?p=5167"},"modified":"2014-06-23T23:59:19","modified_gmt":"2014-06-23T21:59:19","slug":"etienne-sur-france-culture-et-autres","status":"publish","type":"post","link":"https:\/\/dahofficial.com\/wordpress\/2014\/05\/etienne-sur-france-culture-et-autres\/","title":{"rendered":"Etienne sur France Culture et autres&#8230;"},"content":{"rendered":"<p>En ligne : 7 mai 2014<br \/>\nmise \u00e0 jour : 23 juin 2014<br \/>\n<br \/>\n<strong>Etienne Daho \u00e0 \u00e9t\u00e9 l&rsquo;invit\u00e9 exceptionnel du <q>RenDez-Vous<\/q> au Palais de Tokyo le vendredi 9 mai (19h \u00e0 20h) et en direct sur France Culture<\/strong><br \/>\nRed\u00e9couvrez l&rsquo;\u00e9mission <a href=\"http:\/\/www.franceculture.fr\/emission-le-rendez-vous-le-rdv-du-090514-avec-etienne-daho-christine-angot-et-owlle-au-palais-de-tok\" target=\"_blank\"> ici<\/a><br \/>\n<br \/>\nAinsi que ces derniers passages en radio :<br \/>\n<br \/>\n<strong>FRANCE MUSIQUE<\/strong> : Etienne Daho \u00e9tait l&rsquo;invit\u00e9 de l&rsquo;\u00e9mission du 5 mai 2014, <strong><q>Label pop<\/q><\/strong>, pr\u00e9sent\u00e9 par Vincent Th\u00e9val. Un entretien en trois temps : pass\u00e9, pr\u00e9sent, avenir. <a href=\"http:\/\/www.francemusique.fr\/emission\/label-pop\/2013-2014\/etienne-daho-en-interview-05-05-2014-12-43\" target=\"_blank\"> A red\u00e9couvrir ici<\/a><br \/>\n<br \/>\n<strong>FRANCE INTER<\/strong> : Etienne Daho \u00e9tait l&rsquo;invit\u00e9 de l&rsquo;\u00e9mission du 6 mai dernier, <strong><q>Comme on nous parle<\/q><\/strong>, pr\u00e9sent\u00e9 par Pascale Clark. <a href=\"http:\/\/www.franceinter.fr\/emission-comme-on-nous-parle-etienne-daho-0\" target=\"_blank\"> A red\u00e9couvrir ici<\/a><br \/>\n<br \/>\n<strong>LE MOUV<\/strong> : Etienne Daho \u00e9tait l&rsquo;invit\u00e9 de l&rsquo;\u00e9mission du 7 mai dernier, <strong><q>Magasin Central<\/q><\/strong>, pr\u00e9sent\u00e9 par Matthieu Culleron et Pierre Siankowski. <a href=\"http:\/\/www.lemouv.fr\/diffusion-daho-en-interview-et-av-en-session\" target=\"_blank\"> A red\u00e9couvrir ici<\/a><br \/>\n<\/p>\n<p>.<\/p>\n","protected":false},"excerpt":{"rendered":"<p>En ligne : 7 mai 2014 mise \u00e0 jour : 23 juin 2014 Etienne Daho \u00e0 \u00e9t\u00e9 l&rsquo;invit\u00e9 exceptionnel du RenDez-Vous au Palais de Tokyo le vendredi 9 mai (19h \u00e0 20h) et en direct sur France Culture Red\u00e9couvrez l&rsquo;\u00e9mission ici Ainsi que ces derniers passages en radio : FRANCE MUSIQUE : Etienne Daho \u00e9tait [&hellip;]<\/p>\n","protected":false},"author":3,"featured_media":0,"comment_status":"open","ping_status":"open","sticky":false,"template":"","format":"standard","meta":{"footnotes":""},"categories":[1,9],"tags":[],"_links":{"self":[{"href":"https:\/\/dahofficial.com\/wordpress\/wp-json\/wp\/v2\/posts\/5167"}],"collection":[{"href":"https:\/\/dahofficial.com\/wordpress\/wp-json\/wp\/v2\/posts"}],"about":[{"href":"https:\/\/dahofficial.com\/wordpress\/wp-json\/wp\/v2\/types\/post"}],"author":[{"embeddable":true,"href":"https:\/\/dahofficial.com\/wordpress\/wp-json\/wp\/v2\/users\/3"}],"replies":[{"embeddable":true,"href":"https:\/\/dahofficial.com\/wordpress\/wp-json\/wp\/v2\/comments?post=5167"}],"version-history":[{"count":8,"href":"https:\/\/dahofficial.com\/wordpress\/wp-json\/wp\/v2\/posts\/5167\/revisions"}],"predecessor-version":[{"id":5169,"href":"https:\/\/dahofficial.com\/wordpress\/wp-json\/wp\/v2\/posts\/5167\/revisions\/5169"}],"wp:attachment":[{"href":"https:\/\/dahofficial.com\/wordpress\/wp-json\/wp\/v2\/media?parent=5167"}],"wp:term":[{"taxonomy":"category","embeddable":true,"href":"https:\/\/dahofficial.com\/wordpress\/wp-json\/wp\/v2\/categories?post=5167"},{"taxonomy":"post_tag","embeddable":true,"href":"https:\/\/dahofficial.com\/wordpress\/wp-json\/wp\/v2\/tags?post=5167"}],"curies":[{"name":"wp","href":"https:\/\/api.w.org\/{rel}","templated":true}]}}