{"id":4516,"date":"2013-11-29T01:48:23","date_gmt":"2013-11-28T23:48:23","guid":{"rendered":"http:\/\/dahofficial.com\/wordpress\/?p=4516"},"modified":"2013-11-30T17:30:22","modified_gmt":"2013-11-30T15:30:22","slug":"sortie-du-livre-dahodisco","status":"publish","type":"post","link":"https:\/\/dahofficial.com\/wordpress\/2013\/11\/sortie-du-livre-dahodisco\/","title":{"rendered":"sortie du livre <q>dahodisco<\/q>"},"content":{"rendered":"<p>Publi\u00e9 le 29 novembre 2013<br \/>\n<\/p>\n<h3>Sortie ce 28 novembre du livre de Beno\u00eet Cachin <q>dahodisco<\/q> consacr\u00e9 \u00e0 Etienne.<\/h3>\n<p>Disponible \u00e9galement sur la <a href=\"http:\/\/livre.fnac.com\/a6056984\/Benoit-Cachin-Dahodisco\" target=\"_blank\"> Fnac <\/a>ainsi que sur <a href=\"http:\/\/www.amazon.fr\/Dahodisco-Beno\u00eet-Cachin\/dp\/2324006170\/ref=sr_1_1?ie=UTF8&#038;qid=1385681015&#038;sr=8-1&#038;keywords=dahodisco\" target=\"_blank\"> Amazon<\/a>.<br \/>\nRetrouvez ci-dessous l&rsquo;interview de <strong>Beno\u00eet Cachin<\/strong> l&rsquo;auteur de <q>dahodisco<\/q><br \/>\n<br \/>\n<img loading=\"lazy\" decoding=\"async\" class=\"alignnone size-full wp-image-4236\" title=\"Cover Album Les chansons de l'innocence retrouv\u00e9e\" alt=\"etienne daho cover pochette les chansons de l'innocence retrouv\u00e9e\" src=\"http:\/\/dahofficial.com\/wordpress\/wp-content\/themes\/dahofficial\/discographie\/les_chansons_de_linnocence_retrouvee\/images\/20131128_Dahodisco_couverture_560x712.jpg\" alt=\"\" width=\"560\" height=\"712\" \/><br \/>\n.<br \/>\n<br \/>\nBonjour Benoit, merci de nous consacrer quelques instants pour cette interview et de d\u00e9couvrir ainsi ton travail sur cet ouvrage sur Etienne <q>Dahodisco<\/q><br \/>\n<br \/>\n<strong>Comment l&rsquo;id\u00e9e de <q>Dahodisco<\/q> t&rsquo;est-elle venue apr\u00e8s ton premier ouvrage sur Etienne <q>Portraits &#038; Entretiens<\/q> sorti en 2007 ?<\/strong><br \/>\nTr\u00e8s naturellement en fait, logiquement je dirais. Quand j\u2019ai su qu\u2019Etienne travaillait sur un nouvel album j\u2019ai trouv\u00e9 l\u2019id\u00e9e int\u00e9ressante de ressortir le livre mais dans une version plus <q>light<\/q> que le livre de 2007, plus grand public. J\u2019ai soumis l\u2019id\u00e9e \u00e0 Etienne qui fut tout de suite partant, m\u00eame s&rsquo;il \u00e9tait en plein enregistrement des <q>Chansons de l&rsquo;innocence retrouv\u00e9e<\/q> et qu&rsquo;il \u00e9tait surcharg\u00e9 de travail ! Nous sommes partis de ses interviews de 2007 puisqu&rsquo;elles font office de r\u00e9f\u00e9rence et j\u2019en ai refait de nouvelles pour son travail de 2007 \u00e0 aujourd\u2019hui, en gros de <q>Pleyel<\/q> aux <q>Chansons de l\u2019innocence retrouv\u00e9e<\/q> en passant par <q>Le Condamn\u00e9 \u00e0 mort<\/q> et <q>Monsieur Daho<\/q>.<\/p>\n<p><strong>Une fois le cadre bien d\u00e9fini, comment as-tu pr\u00e9par\u00e9 le travail en amont avant l&rsquo;\u00e9criture proprement dite ?<\/strong><br \/>\nPasser de 600 pages \u00e0 240 en rajoutant des chapitres demande des sacrifices ! Avec Etienne nous avons d\u00e9cid\u00e9 de ne tenir compte que de ses propres interviews et de ne garder que ses grandes collaborations. Je voulais absolument que toutes les chansons, versions rares, in\u00e9dites, remixes chant\u00e9s par Etienne soient pr\u00e9sents dans le livre, nous avons donc <q>\u00e9limin\u00e9<\/q> des collaborations qui nous apparaissaient plus anecdotiques dans sa carri\u00e8re. J\u2019ai fait une liste de ce que je voulais garder et je l\u2019ai soumise \u00e0 Etienne. Il a \u00e9t\u00e9 d\u2019accord sur mon choix. Je pense donner un tr\u00e8s bon aper\u00e7u de sa carri\u00e8re m\u00eame s\u2019il n\u2019y a pas tout ce qu\u2019Etienne a fait pour les autres. Mais maintenant c\u2019est 1000 pages qu\u2019il faudrait vu qu\u2019il n\u2019arr\u00eate jamais de travailler ! (rires) Ca permet n\u00e9anmoins de s\u2019attarder sur l\u2019essence m\u00eame de son travail, le c\u0153ur des chansons d\u2019Etienne. Une fois ce cadre \u00e9tablit j\u2019ai tout r\u00e9\u00e9crit ou \u00e9crit. Etienne a relu et a apport\u00e9 ses corrections, pr\u00e9cisions ou anecdotes par rapport \u00e0 la version de 2007. Le texte est donc quasiment neuf !<\/p>\n<p><strong>Qui a eu l&rsquo;id\u00e9e de reprendre la photo de Pierre et Gilles pour la <q>couv<\/q> clin d&rsquo;\u0153il \u00e0 cette <q>innocence<\/q> de 1983 ?<\/strong><br \/>\nEn fait Etienne a s\u00e9lectionn\u00e9 toute une s\u00e9rie de photographies pour la couverture, de toutes les \u00e9poques. Les directeurs artistiques du livre, David et Jean-Luc, ont fait des essais avec chacune d\u2019elles et ils les ont soumis \u00e0 Etienne. Il a d\u00e9cid\u00e9 de choisir celle de Pierre &#038; Gilles pour son c\u00f4t\u00e9 reconnaissable imm\u00e9diatement, iconique et qui correspond \u00e9galement \u00e0 l\u2019ambiance de son nouvel album, l\u2019innocence retrouv\u00e9e. Tout le monde a \u00e9t\u00e9 d\u2019embl\u00e9e convaincu par son choix. On ne pouvait pas trouver mieux je pense.<\/p>\n<p><strong>Ce livre est moins imposant que le premier mais n\u00e9anmoins, toute la carri\u00e8re d&rsquo;Etienne est reprise. S&rsquo;est-il impliqu\u00e9 dans la construction du livre avec toi ?<\/strong><br \/>\nBien s\u00fbr et c\u2019est ce que je voulais de toute fa\u00e7on ! Comme le premier, je voulais que ce livre soit une r\u00e9f\u00e9rence, une <q>petite bible<\/q> de sa carri\u00e8re. Il n\u2019\u00e9tait m\u00eame pas pensable qu\u2019Etienne ne soit pas au c\u0153ur du projet. D\u2019ailleurs s\u2019il n\u2019avait pas pu ou voulu il n\u2019y aurait pas eu de deuxi\u00e8me livre. Il a suivi toutes les \u00e9tapes de l\u2019\u00e9laboration du livre, les textes, les photos, la maquette. Et comme toujours avec une implication maximum pour la bonne r\u00e9ussite du livre. Etienne ne fait rien \u00e0 moiti\u00e9 et quand il donne son accord sur un projet il l\u2019accompagne de A \u00e0 Z. C\u2019est tr\u00e8s agr\u00e9able pour un auteur car il est respectueux et du travail des autres et du public qui va acheter le livre. Il n\u2019est pas question pour lui de faire n\u2019importe quoi, juste pour faire quelque chose. Et il a raison !<\/p>\n<p><strong>Le livre est construit de fa\u00e7on chronologique, \u00e9tait-ce une \u00e9vidence ou une volont\u00e9 de l&rsquo;un ou l&rsquo;autre ?<\/strong><br \/>\nC\u2019\u00e9tait une \u00e9vidence pour moi et pour Etienne je crois. Tous les disques d\u2019Etienne s\u2019encha\u00eenent de fa\u00e7on logique. Un disque en appelle un autre. S\u2019il n\u2019y avait pas eu <q>La Notte, La Notte\u2026 <\/q> il n\u2019y aurait pas eu <q>Pop Satori<\/q>, s\u2019il n\u2019y avait pas eu <q>Le Condamn\u00e9 \u00e0 mort<\/q>, il n\u2019y aurait pas <q>Les Chansons de l\u2019innocence retrouv\u00e9e<\/q>. Ou, du moins, ce serait d\u2019autres disques, d&rsquo;autres chansons. Etienne \u00e9volue tout le temps dans sa musique en se nourrissant de ses exp\u00e9riences musicales, de ses rencontres au fil de ses albums. Il y a une logique dans sa carri\u00e8re. En lisant le livre on s\u2019en aper\u00e7oit parfaitement d\u2019ailleurs.<\/p>\n<p><strong>Dans ce livre, tu es le narrateur o\u00f9 Etienne est le seul \u00e0 intervenir, c&rsquo;est donc un texte compl\u00e8tement diff\u00e9rent de ce que l\u2019on a pu lire d\u00e9j\u00e0 sur lui.<\/strong><br \/>\nOui c\u2019est beaucoup plus grand public. Dans le premier livre je donnais la parole aux autres, l\u00e0 je la reprends ! (rires) Le fait qu\u2019Etienne soit le seul \u00e0 intervenir recentre le livre sur lui, sur sa carri\u00e8re. On va droit \u00e0 l\u2019essentiel sans se <q>noyer<\/q> dans les d\u00e9tails. Dans le premier livre je me suis laiss\u00e9 emporter, avec plaisir, par mon d\u00e9sir de tout dire sur Etienne. Mais j&rsquo;ai parfois laiss\u00e9 trop de place \u00e0 des titres anecdotiques, des duos chant\u00e9s une fois en t\u00e9l\u00e9vision prenaient  quatre pages ! Je ne regrette rien et je suis tr\u00e8s fier de ce livre, mais j\u2019\u00e9coute aussi les remarques des lecteurs. Certains trouvaient parfois bizarre que je donne plus d\u2019importance \u00e0 une collaboration qu\u2019\u00e0 un titre purement d\u2019Etienne. Je me suis donc concentr\u00e9 sur sa propre production. Mais que les gens se rassurent, Marianne Faithfull, Brigitte Fontaine, Alain Bashung ou Coming Soon sont bien pr\u00e9sents dans le livre&#8230;<\/p>\n<p><strong>Tu sais bien que nous aimons les anecdotes, y en a-t-il une que tu peux nous r\u00e9v\u00e9ler sur ce livre ?<\/strong><br \/>\nNous avons mis le point final le jour o\u00f9 Etienne est parti \u00e0 l\u2019h\u00f4pital ! Il m\u2019a appel\u00e9 un matin pour me valider le dernier texte sur <q>Les Chansons de l\u2019innocence retrouv\u00e9e<\/q> puis il a mis fin assez vite \u00e0 notre conversation car il ne se sentait pas bien. Et pour cause ! C\u2019est incroyable quand j\u2019y pense. Comme si son corps avait tenu jusqu\u2019\u00e0 la fin du livre\u2026<\/p>\n<p><strong>Etienne met beaucoup d\u2019importance dans l&rsquo;image, comment s&rsquo;est pass\u00e9e cette s\u00e9lection des photos car le livre en est rempli mais ne peut pas non plus faire 600 pages\u2026<\/strong><br \/>\nL\u00e0 c\u2019est Etienne tout seul qui a choisi, aid\u00e9 par Nathalie No\u00ebnnec qui a \u00e9t\u00e9 plus que pr\u00e9cieuse sur ce livre. Je voulais vraiment qu\u2019Etienne d\u00e9cide ce qu\u2019il voulait mettre en avant pour chacun de ses albums, ce qui lui semblait le plus repr\u00e9sentatif de l\u2019\u00e9poque, du moment des enregistrements. Lui seul d\u2019ailleurs peut savoir ce genre de choses. Les photos sont choisies avec soin, il n\u2019y a pas de <q>remplissage<\/q>. Elles veulent toutes dire quelque chose\u2026<\/p>\n<p><strong>Qui a choisi ce titre \u00ab Dahodisco \u00bb qui est marrant et un peu \u00e9tonnant\u2026<\/strong><br \/>\nC&rsquo;est Etienne ! J&rsquo;ai ador\u00e9 tout de suite car il s&rsquo;agit d&rsquo;une discographie et qu&rsquo;Etienne s&rsquo;est inspir\u00e9 du disco pour son dernier album. Le titre \u00e9tait donc un parfait lien entre toutes les \u00e9poques d&rsquo;Etienne. En plus, il s&rsquo;accorde parfaitement avec la photo de Pierre &#038; Gilles.<\/p>\n<p><strong>En plus d&rsquo;\u00eatre tr\u00e8s complet, le livre est agr\u00e9able \u00e0 lire, color\u00e9, espac\u00e9. Comment s&rsquo;est pass\u00e9 le travail graphique ?<\/strong><br \/>\nTr\u00e8s bien. Nous nous sommes mis d\u2019accord avec Etienne, les directeurs artistiques et moi sur un c\u00f4t\u00e9 tr\u00e8s sobre, tr\u00e8s classe et intemporel. Nous voulions \u00e9galement laisser une vraie place \u00e0 la pochette originale de chaque album dans les ouvertures de chapitre. D\u2019ailleurs ce ne sont pas des scans de pochettes mais des photographies prises de haut. Ca leur donne un c\u00f4t\u00e9 objet que j\u2019aime beaucoup avec une ombre derri\u00e8re la pochette. La discographie de la fin est un souhait d\u2019Etienne. Il y en a 8 pages ! J\u2019esp\u00e8re qu\u2019il ne manque pas de pochettes sinon gare \u00e0 toi car tu es le gardien du temple ! (rires) J\u2019aime le c\u00f4t\u00e9 sobre du livre, car on pourra l\u2019ouvrir dans 10 ans sans qu\u2019il ne paraisse dat\u00e9. C\u2019\u00e9tait notre souhait.<\/p>\n<p><strong>As tu peur que le lecteur se jette sur le dernier chapitre en premier ? En ce qui me concerne je trouve que le livre permet aussi se lire \u00e0 l&rsquo;envers ou dans l&rsquo;ordre que l&rsquo;on en a envie ? Qu&rsquo;en penses tu ?<\/strong><br \/>\nC\u2019est \u00e9vident, c\u2019est d\u2019ailleurs ce que je ferais, je commencerais par la fin ! (rires) Ce livre, comme le pr\u00e9c\u00e9dent, doit se lire comme on a envie. Soit dans l\u2019ordre pour comprendre l\u2019\u00e9volution artistique d\u2019Etienne soit au hasard, en s&rsquo;attachant \u00e0 une \u00e9poque voire \u00e0 une chanson pr\u00e9cise. C\u2019est comme on veut et c\u2019est tr\u00e8s bien comme \u00e7a.<\/p>\n<p><strong>Pour le <q>fan<\/q> ce livre est essentiel, mais penses-tu que celui-ci peut aussi s&rsquo;adresser aussi \u00e0 un lecteur moins assidu. Imagine qu&rsquo;un jeune de 15 ans d\u00e9couvre ton livre sur la table du salon o\u00f9 son p\u00e8re l&rsquo;a d\u00e9pos\u00e9 !<\/strong><br \/>\nMais c\u2019est ce que nous avons voulu que les fans comme les <q>n\u00e9ophytes<\/q> d\u2019Etienne s\u2019y retrouvent. J\u2019esp\u00e8re vraiment que des jeunes vont appr\u00e9cier de le lire et de d\u00e9couvrir ainsi la diversit\u00e9 et la carri\u00e8re d\u2019Etienne. J\u2019ai d\u00e9j\u00e0 pr\u00e9sent\u00e9 le livre dans des salons et ce sont beaucoup de jeunes qui l\u2019ach\u00e8tent. J\u2019en suis tr\u00e8s content.<\/p>\n<p><strong>Qu\u2019as tu envie de dire aux personnes qui vont acheter le livre ?<\/strong><br \/>\nMerci d\u2019abord de me faire confiance. Ensuite, bonne lecture et j\u2019esp\u00e8re qu\u2019en refermant le livre vous vous pr\u00e9cipiterez sur les disques d\u2019Etienne pour les \u00e9couter encore et encore\u2026<\/p>\n<p><strong>Tu as d\u00e9dicac\u00e9 ce livre \u00e0 diff\u00e9rents endroits. Au contraire d&rsquo;un roman, les personnes viennent plus pour Etienne que pour toi. Ils te d\u00e9couvrent. Comment se passe ce contact avec les lecteurs ?<\/strong><br \/>\nTr\u00e8s bien. Nous \u00e9voquons nos souvenirs autour de la musique d\u2019Etienne, c\u2019est tr\u00e8s agr\u00e9able. Avec ce livre c\u2019est marrant car les gens me parlent beaucoup de la pochette du nouvel album. Une \u00e9nigme ou un ovni pour certains, une photo g\u00e9niale pour d\u2019autres. C\u2019est tr\u00e8s int\u00e9ressant d\u2019\u00e9couter les diff\u00e9rentes r\u00e9actions souvent tranch\u00e9es. En tout cas Etienne ne laisse pas indiff\u00e9rent, c\u2019est plut\u00f4t rassurant pour lui !<\/p>\n<p><strong>Pour finir, peux-tu nous dire ce que tu penses du dernier album et nous r\u00e9v\u00e9ler tes trois titres pr\u00e9f\u00e9r\u00e9s d&rsquo;Etienne ?<\/strong><br \/>\nJ&rsquo;adore totalement le dernier album. Il me ram\u00e8ne \u00e0 une belle \u00e9poque pour moi, celle des ann\u00e9es <q>Paris Ailleurs<\/q>. Etienne a su revisiter les ann\u00e9es 80\/90 sans faire de nostalgie, sans faire de copier\/coller, c&rsquo;est tr\u00e8s fort de sa part. La pr\u00e9sence de Nile Rodgers est parfaite et tr\u00e8s bien vue. Je suis impatient de voir l&rsquo;album sur sc\u00e8ne ! Quant \u00e0 mes trois titres pr\u00e9f\u00e9r\u00e9s, c&rsquo;est tr\u00e8s compliqu\u00e9 ! Je dirais <q>L&rsquo;Enfer enfin<\/q>, <q>San Antonio de la Luna<\/q> et un petit dernier dans la discographie d&rsquo;Etienne <q>En surface<\/q> en duo avec Dominique A. Mais bon tu peux me reposer la question dans 3 ans et il y aura peut-\u00eatre du changement\u2026 A dans 3 ans donc !<\/p>\n<p>Merci beaucoup Beno\u00eet pour cette interview, nous te souhaitons le meilleur avec \u00ab\u00a0Dahodisco\u00a0\u00bb<\/p>\n<p>Propos recueillis par Thierry<\/p>\n","protected":false},"excerpt":{"rendered":"<p>Publi\u00e9 le 29 novembre 2013 Sortie ce 28 novembre du livre de Beno\u00eet Cachin dahodisco consacr\u00e9 \u00e0 Etienne. Disponible \u00e9galement sur la Fnac ainsi que sur Amazon. Retrouvez ci-dessous l&rsquo;interview de Beno\u00eet Cachin l&rsquo;auteur de dahodisco . Bonjour Benoit, merci de nous consacrer quelques instants pour cette interview et de d\u00e9couvrir ainsi ton travail sur [&hellip;]<\/p>\n","protected":false},"author":3,"featured_media":0,"comment_status":"open","ping_status":"open","sticky":false,"template":"","format":"standard","meta":{"footnotes":""},"categories":[1,7,3],"tags":[],"_links":{"self":[{"href":"https:\/\/dahofficial.com\/wordpress\/wp-json\/wp\/v2\/posts\/4516"}],"collection":[{"href":"https:\/\/dahofficial.com\/wordpress\/wp-json\/wp\/v2\/posts"}],"about":[{"href":"https:\/\/dahofficial.com\/wordpress\/wp-json\/wp\/v2\/types\/post"}],"author":[{"embeddable":true,"href":"https:\/\/dahofficial.com\/wordpress\/wp-json\/wp\/v2\/users\/3"}],"replies":[{"embeddable":true,"href":"https:\/\/dahofficial.com\/wordpress\/wp-json\/wp\/v2\/comments?post=4516"}],"version-history":[{"count":13,"href":"https:\/\/dahofficial.com\/wordpress\/wp-json\/wp\/v2\/posts\/4516\/revisions"}],"predecessor-version":[{"id":12373,"href":"https:\/\/dahofficial.com\/wordpress\/wp-json\/wp\/v2\/posts\/4516\/revisions\/12373"}],"wp:attachment":[{"href":"https:\/\/dahofficial.com\/wordpress\/wp-json\/wp\/v2\/media?parent=4516"}],"wp:term":[{"taxonomy":"category","embeddable":true,"href":"https:\/\/dahofficial.com\/wordpress\/wp-json\/wp\/v2\/categories?post=4516"},{"taxonomy":"post_tag","embeddable":true,"href":"https:\/\/dahofficial.com\/wordpress\/wp-json\/wp\/v2\/tags?post=4516"}],"curies":[{"name":"wp","href":"https:\/\/api.w.org\/{rel}","templated":true}]}}