{"id":4404,"date":"2013-11-06T19:29:24","date_gmt":"2013-11-06T17:29:24","guid":{"rendered":"http:\/\/dahofficial.com\/wordpress\/?p=4404"},"modified":"2024-05-29T13:23:44","modified_gmt":"2024-05-29T11:23:44","slug":"etienne-dans-telerama","status":"publish","type":"post","link":"https:\/\/dahofficial.com\/wordpress\/2013\/11\/etienne-dans-telerama\/","title":{"rendered":"Etienne dans T\u00e9l\u00e9rama"},"content":{"rendered":"<p>Publi\u00e9 le 6 novembre 2013<\/p>\n<p>Etienne est en Couverture du nouveau num\u00e9ro de T\u00e9l\u00e9rama (9 au 15 novembre 2013)<br \/>\nRetrouvez ci-dessous les deux autres <q>couv<\/q> d&rsquo;Etienne de T\u00e9l\u00e9rama en 1988 et 2006.<br \/>\n<br \/>\n<img decoding=\"async\" style=\"border: none;\" src=\"https:\/\/dahofficial.com\/wordpress\/wp-content\/themes\/dahofficial\/presse\/leschansonsdelinnocence\/presse_20131109_Telerama_CouvN3330_560x678.jpg\" border=\"0\" alt=\"Etienne Daho - T\u00e9l\u00e9rama 9 novembre 2013\" width=\"560\" \/><br \/>\n<br \/>\n.<br \/>\n<br \/>\n<a class=\"example7 cboxElement\" href=\"https:\/\/dahofficial.com\/wordpress\/wp-content\/themes\/dahofficial\/presse\/pour_nos_vies_martiennes\/couv\/presse_19880608_Telerama_CouvN2004_401x550.jpg\"><img loading=\"lazy\" decoding=\"async\" title=\"T\u00e9l\u00e9rama 8 juin 1988 n\u00b02004\" src=\"https:\/\/dahofficial.com\/wordpress\/wp-content\/themes\/dahofficial\/presse\/pour_nos_vies_martiennes\/couv\/presse_19880608_Telerama_CouvN2004_401x550.jpg\" alt=\"Etienne Daho - T\u00e9l\u00e9rama 8 juin 1988 n\u00b02004\" width=\"275\" height=\"383\" \/><\/a><a class=\"example7 cboxElement\" href=\"https:\/\/dahofficial.com\/wordpress\/wp-content\/themes\/dahofficial\/presse\/reevolution\/couv\/presse_20061111_Telerama_CouvN2965_395x550.jpg\"><img loading=\"lazy\" decoding=\"async\" title=\"T\u00e9l\u00e9rama 11 novembre 2006 n\u00b02965\" src=\"https:\/\/dahofficial.com\/wordpress\/wp-content\/themes\/dahofficial\/presse\/reevolution\/couv\/presse_20061111_Telerama_CouvN2965_395x550.jpg\" alt=\"Etienne Daho - T\u00e9l\u00e9rama 11 novembre 2006 n\u00b02965\" width=\"275\" height=\"383\" \/><\/a><br \/>\n&nbsp;&nbsp;&nbsp;&nbsp;<\/p>\n<p><\/p>\n","protected":false},"excerpt":{"rendered":"<p>Publi\u00e9 le 6 novembre 2013 Etienne est en Couverture du nouveau num\u00e9ro de T\u00e9l\u00e9rama (9 au 15 novembre 2013) Retrouvez ci-dessous les deux autres couv d&rsquo;Etienne de T\u00e9l\u00e9rama en 1988 et 2006. . &nbsp;&nbsp;&nbsp;&nbsp;<\/p>\n","protected":false},"author":3,"featured_media":0,"comment_status":"closed","ping_status":"open","sticky":false,"template":"","format":"standard","meta":{"footnotes":""},"categories":[1],"tags":[],"_links":{"self":[{"href":"https:\/\/dahofficial.com\/wordpress\/wp-json\/wp\/v2\/posts\/4404"}],"collection":[{"href":"https:\/\/dahofficial.com\/wordpress\/wp-json\/wp\/v2\/posts"}],"about":[{"href":"https:\/\/dahofficial.com\/wordpress\/wp-json\/wp\/v2\/types\/post"}],"author":[{"embeddable":true,"href":"https:\/\/dahofficial.com\/wordpress\/wp-json\/wp\/v2\/users\/3"}],"replies":[{"embeddable":true,"href":"https:\/\/dahofficial.com\/wordpress\/wp-json\/wp\/v2\/comments?post=4404"}],"version-history":[{"count":40,"href":"https:\/\/dahofficial.com\/wordpress\/wp-json\/wp\/v2\/posts\/4404\/revisions"}],"predecessor-version":[{"id":14027,"href":"https:\/\/dahofficial.com\/wordpress\/wp-json\/wp\/v2\/posts\/4404\/revisions\/14027"}],"wp:attachment":[{"href":"https:\/\/dahofficial.com\/wordpress\/wp-json\/wp\/v2\/media?parent=4404"}],"wp:term":[{"taxonomy":"category","embeddable":true,"href":"https:\/\/dahofficial.com\/wordpress\/wp-json\/wp\/v2\/categories?post=4404"},{"taxonomy":"post_tag","embeddable":true,"href":"https:\/\/dahofficial.com\/wordpress\/wp-json\/wp\/v2\/tags?post=4404"}],"curies":[{"name":"wp","href":"https:\/\/api.w.org\/{rel}","templated":true}]}}