{"id":12290,"date":"2021-12-03T01:27:00","date_gmt":"2021-12-02T23:27:00","guid":{"rendered":"http:\/\/dahofficial.com\/wordpress\/?p=12290"},"modified":"2024-02-05T12:51:29","modified_gmt":"2024-02-05T10:51:29","slug":"grande-medaille-de-la-chanson-francaise","status":"publish","type":"post","link":"https:\/\/dahofficial.com\/wordpress\/2021\/12\/grande-medaille-de-la-chanson-francaise\/","title":{"rendered":"Grande M\u00e9daille de la Chanson Fran\u00e7aise"},"content":{"rendered":"<p>Publi\u00e9 le 3 d\u00e9cembre 2021<br \/>\nMis \u00e0 jour le 3 novembre 2022<\/p>\n<p>&nbsp;<br \/>\n<strong>ACADEMIE FRAN\u00c7AISE<\/strong><\/p>\n<p>L\u2019acad\u00e9mie fran\u00e7aise a d\u00e9cern\u00e9 \u00e0 Etienne le 2 d\u00e9cembre 2021, la grande m\u00e9daille de la chanson fran\u00e7aise pour l\u2019ensemble de son oeuvre.<br \/>\n&nbsp;<br \/>\nLe discours de Dany Laferri\u00e8re, directeur en exercice du jour :<br \/>\n\u00ab Grande M\u00e9daille de la Chanson Fran\u00e7aise : M. Etienne DAHO, pour l\u2019ensemble de ses chansons.<br \/>\nEtienne Daho, soixante-cinq ans, est aujourd\u2019hui une figure prestigieuse de la chanson fran\u00e7aise. Issu dans les ann\u00e9es 1970 d\u2019un groupe rennais, &lsquo;Marquis de Sade&rsquo;, il a graduellement occup\u00e9 la sc\u00e8ne en tant que compositeur, parolier et interpr\u00e8te. Personnage d\u2019une gracilit\u00e9 styl\u00e9e et tr\u00e8s conscient des ant\u00e9c\u00e9dents historiques de son art, Daho se caract\u00e9rise par une connaissance des modes anglo-saxonnes, qu\u2019il a obstin\u00e9ment contourn\u00e9es en les coulant dans une mouture fran\u00e7aise. En cela, plut\u00f4t que d\u2019\u00e9lever des barri\u00e8res hostiles, il joue en virtuose de la langue fran\u00e7aise. Selon Marc Lambron, sa r\u00e9putation, d\u00e9sormais consid\u00e9rable, peut confiner \u00e0 celle d\u2019un Serge Gainsbourg. Il a d\u2019ailleurs produit le dernier album de Jane Birkin. \u00bb<br \/>\n&nbsp;<br \/>\nPour d\u00e9couvrir <a href=\"https:\/\/vimeo.com\/657557938\" target=\"_blank\" rel=\"noopener noreferrer\"> la s\u00e9ance solennelle de rentr\u00e9e<\/a> avec la remise de la m\u00e9daille \u00e0 Etienne \u00e0 la 42&rsquo;48&rsquo;<br \/>\nCr\u00e9dit : Institut de France<br \/>\n&nbsp;<br \/>\n<img decoding=\"async\" style=\"border: none;\" src=\"http:\/\/dahofficial.com\/wordpress\/wp-content\/themes\/dahofficial\/discographie\/blitz\/images\/20211203_GrandeMedailleDeLaChansonFrancaise_2_560.jpg\" border=\"0\" alt=\"Etienne Daho - Acad\u00e9mie Fran\u00e7aise - La Grande M\u00e9daille de la Chanson Fran\u00e7aise\" width=\"560\"><br \/>\n&nbsp;<br \/>\n<img decoding=\"async\" style=\"border: none;\" src=\"http:\/\/dahofficial.com\/wordpress\/wp-content\/themes\/dahofficial\/discographie\/blitz\/images\/20211203_GrandeMedailleDeLaChansonFrancaise_560.jpg\" border=\"0\" alt=\"Etienne Daho - Acad\u00e9mie Fran\u00e7aise - La Grande M\u00e9daille de la Chanson Fran\u00e7aise\" width=\"560\"><br \/>\n&nbsp;<\/p>\n","protected":false},"excerpt":{"rendered":"<p>Publi\u00e9 le 3 d\u00e9cembre 2021 Mis \u00e0 jour le 3 novembre 2022 &nbsp; ACADEMIE FRAN\u00c7AISE L\u2019acad\u00e9mie fran\u00e7aise a d\u00e9cern\u00e9 \u00e0 Etienne le 2 d\u00e9cembre 2021, la grande m\u00e9daille de la chanson fran\u00e7aise pour l\u2019ensemble de son oeuvre. &nbsp; Le discours de Dany Laferri\u00e8re, directeur en exercice du jour : \u00ab Grande M\u00e9daille de la Chanson [&hellip;]<\/p>\n","protected":false},"author":3,"featured_media":0,"comment_status":"open","ping_status":"open","sticky":false,"template":"","format":"standard","meta":{"footnotes":""},"categories":[1,7],"tags":[],"_links":{"self":[{"href":"https:\/\/dahofficial.com\/wordpress\/wp-json\/wp\/v2\/posts\/12290"}],"collection":[{"href":"https:\/\/dahofficial.com\/wordpress\/wp-json\/wp\/v2\/posts"}],"about":[{"href":"https:\/\/dahofficial.com\/wordpress\/wp-json\/wp\/v2\/types\/post"}],"author":[{"embeddable":true,"href":"https:\/\/dahofficial.com\/wordpress\/wp-json\/wp\/v2\/users\/3"}],"replies":[{"embeddable":true,"href":"https:\/\/dahofficial.com\/wordpress\/wp-json\/wp\/v2\/comments?post=12290"}],"version-history":[{"count":3,"href":"https:\/\/dahofficial.com\/wordpress\/wp-json\/wp\/v2\/posts\/12290\/revisions"}],"predecessor-version":[{"id":12294,"href":"https:\/\/dahofficial.com\/wordpress\/wp-json\/wp\/v2\/posts\/12290\/revisions\/12294"}],"wp:attachment":[{"href":"https:\/\/dahofficial.com\/wordpress\/wp-json\/wp\/v2\/media?parent=12290"}],"wp:term":[{"taxonomy":"category","embeddable":true,"href":"https:\/\/dahofficial.com\/wordpress\/wp-json\/wp\/v2\/categories?post=12290"},{"taxonomy":"post_tag","embeddable":true,"href":"https:\/\/dahofficial.com\/wordpress\/wp-json\/wp\/v2\/tags?post=12290"}],"curies":[{"name":"wp","href":"https:\/\/api.w.org\/{rel}","templated":true}]}}