{"id":10171,"date":"2021-04-02T13:03:00","date_gmt":"2021-04-02T11:03:00","guid":{"rendered":"http:\/\/dahofficial.com\/wordpress\/?p=10171"},"modified":"2021-07-13T01:18:46","modified_gmt":"2021-07-12T23:18:46","slug":"etienne-fait-la-couverture-des-echos","status":"publish","type":"post","link":"https:\/\/dahofficial.com\/wordpress\/2021\/04\/etienne-fait-la-couverture-des-echos\/","title":{"rendered":"Etienne fait la couverture des Echos"},"content":{"rendered":"<p>Publi\u00e9 le 2 avril 2021<br \/>\nMis \u00e0 jour 12 juillet 2021 avec l&rsquo;article<\/p>\n<p><strong>ETIENNE FAIT LA COUVERTURE DES ECHOS<\/strong><\/p>\n<p><a href=\"https:\/\/www.lesechos.fr\/weekend\/spectacles-musique\/rencontre-exclusive-avec-etienne-daho-le-dandy-de-la-mode-1303752?fbclid=IwAR0Bi_U3uEDBCUjEwwrRTtjAl_LIszffouaL_-g7aZpa9H3VGmgxzlGrNaU\" target=\"_blank\" rel=\"noopener noreferrer\"> L&rsquo;article sur le site des Echos <\/a><\/p>\n<p><a href=\"http:\/\/dahofficial.com\/wordpress\/wp-content\/themes\/dahofficial\/presse\/blitz\/presse_20210402_LesEchos.pdf\" target=\"_blank\" rel=\"noopener noreferrer\"> L&rsquo;article en pdf <\/a><\/p>\n<p>Le chanteur aux allures de dandy juv\u00e9nile vient de faire une donation exceptionnelle au Palais Galliera : 34 tenues de sc\u00e8ne et de ville qui couvrent l&rsquo;ensemble de sa carri\u00e8re. L&rsquo;occasion r\u00eav\u00e9e de lui faire \u00e9voquer son rapport \u00e0 la mode, dans cet entretien exclusif au long cours\u2026<\/p>\n<p>&nbsp;<\/p>\n<p><img decoding=\"async\" style=\"border: none;\" src=\"http:\/\/dahofficial.com\/wordpress\/wp-content\/themes\/dahofficial\/discographie\/blitz\/images\/20210222_TenueDeScene_MuseeGalliera_PortraitArticleLesEchos_560.jpg\" border=\"0\" alt=\"Etienne Daho - Musee Galliera - Les Echos\" width=\"560\"><br \/>\nPhotos : <a href=\"www.paulrousteau.com\" target=\"_blank\" rel=\"noopener noreferrer\"> Paul Rousteau <\/a><\/p>\n","protected":false},"excerpt":{"rendered":"<p>Publi\u00e9 le 2 avril 2021 Mis \u00e0 jour 12 juillet 2021 avec l&rsquo;article ETIENNE FAIT LA COUVERTURE DES ECHOS L&rsquo;article sur le site des Echos L&rsquo;article en pdf Le chanteur aux allures de dandy juv\u00e9nile vient de faire une donation exceptionnelle au Palais Galliera : 34 tenues de sc\u00e8ne et de ville qui couvrent l&rsquo;ensemble [&hellip;]<\/p>\n","protected":false},"author":3,"featured_media":0,"comment_status":"open","ping_status":"open","sticky":false,"template":"","format":"standard","meta":{"footnotes":""},"categories":[1],"tags":[],"_links":{"self":[{"href":"https:\/\/dahofficial.com\/wordpress\/wp-json\/wp\/v2\/posts\/10171"}],"collection":[{"href":"https:\/\/dahofficial.com\/wordpress\/wp-json\/wp\/v2\/posts"}],"about":[{"href":"https:\/\/dahofficial.com\/wordpress\/wp-json\/wp\/v2\/types\/post"}],"author":[{"embeddable":true,"href":"https:\/\/dahofficial.com\/wordpress\/wp-json\/wp\/v2\/users\/3"}],"replies":[{"embeddable":true,"href":"https:\/\/dahofficial.com\/wordpress\/wp-json\/wp\/v2\/comments?post=10171"}],"version-history":[{"count":5,"href":"https:\/\/dahofficial.com\/wordpress\/wp-json\/wp\/v2\/posts\/10171\/revisions"}],"predecessor-version":[{"id":11985,"href":"https:\/\/dahofficial.com\/wordpress\/wp-json\/wp\/v2\/posts\/10171\/revisions\/11985"}],"wp:attachment":[{"href":"https:\/\/dahofficial.com\/wordpress\/wp-json\/wp\/v2\/media?parent=10171"}],"wp:term":[{"taxonomy":"category","embeddable":true,"href":"https:\/\/dahofficial.com\/wordpress\/wp-json\/wp\/v2\/categories?post=10171"},{"taxonomy":"post_tag","embeddable":true,"href":"https:\/\/dahofficial.com\/wordpress\/wp-json\/wp\/v2\/tags?post=10171"}],"curies":[{"name":"wp","href":"https:\/\/api.w.org\/{rel}","templated":true}]}}