{"id":8636,"date":"2018-11-09T15:04:55","date_gmt":"2018-11-09T13:04:55","guid":{"rendered":"http:\/\/dahofficial.com\/wordpress\/?p=8636"},"modified":"2018-11-13T15:07:44","modified_gmt":"2018-11-13T13:07:44","slug":"ici-bas-les-melodies-de-faure","status":"publish","type":"post","link":"http:\/\/dahofficial.com\/wordpress\/2018\/11\/ici-bas-les-melodies-de-faure\/","title":{"rendered":"Ici-bas &#8211; Les m\u00e9lodies de Faur\u00e9"},"content":{"rendered":"<p>Publi\u00e9 le 9 novembre 2018<\/p>\n<p><strong>ICI BAS &#8211; LES MELODIES DE GABRIEL FAUR\u00c9 par le groupe BAUM<\/strong><\/p>\n<p>Etienne participe \u00e0 l\u2019album hommage \u00e0 Gabriel Faur\u00e9. Il interpr\u00e8te <q>Ici bas<\/q> le titre phare de l\u2019album.<\/p>\n<p><q>Ici-bas &#8211; Les m\u00e9lodies de Gabriel Faur\u00e9<\/q> est un projet port\u00e9 par le groupe Baum \u2013 Olivier Mellano (direction artistique et guitare), Simon Dalmais (piano), Anne Gouverneur (violon) et Ma\u00ebva le Berre (violoncelle) \u2013 qui s\u2019approprie et propose une relecture des sublimes m\u00e9lodies de Gabriel Faur\u00e9, sur lesquelles ils ont convi\u00e9 entre autres, Etienne Daho, Dominique A, Philippe Katerine, Jeanne Added, Camille\u2026 Bien plus qu&rsquo;un hommage \u00e0 celui qu\u2019ils consid\u00e8rent comme l&rsquo;un des plus grands compositeurs, ce projet veut faire revivre cette musique et ces textes avec exigence et c\u00e9l\u00e9brer leur caract\u00e8re intemporel.<br \/>\n<br \/>\nSortie le 9 novembre chez Sony Classique<br \/>\n<br \/>\n<a href=\"https:\/\/Baum.lnk.to\/IciBas\" target=\"_blank\"> Pour \u00e9couter et commander l&rsquo;album ici<\/a><br \/>\nD\u00e9couvrir <a href=\"https:\/\/www.youtube.com\/watch?v=TjsBq7R7jXI\" target=\"_blank\"> le teaser ici<\/a><br \/>\n<br \/>\n<img decoding=\"async\" style=\"border: none;\" src=\"http:\/\/dahofficial.com\/wordpress\/wp-content\/themes\/dahofficial\/discographie\/blitz\/images\/20181109_IciBas_LesMelodiesDeFaure_Pochette_560.jpg\" border=\"0\" alt=\"Etienne Daho - Ici-bas - Les m\u00e9lodies de Faur\u00e9 - Baum\" width=\"560\" \/><br \/>\n<br \/>.<\/p>\n","protected":false},"excerpt":{"rendered":"<p>Publi\u00e9 le 9 novembre 2018 ICI BAS &#8211; LES MELODIES DE GABRIEL FAUR\u00c9 par le groupe BAUM Etienne participe \u00e0 l\u2019album hommage \u00e0 Gabriel Faur\u00e9. Il interpr\u00e8te Ici bas le titre phare de l\u2019album. Ici-bas &#8211; Les m\u00e9lodies de Gabriel Faur\u00e9 est un projet port\u00e9 par le groupe Baum \u2013 Olivier Mellano (direction artistique et [&hellip;]<\/p>\n","protected":false},"author":3,"featured_media":0,"comment_status":"open","ping_status":"open","sticky":false,"template":"","format":"standard","meta":{"footnotes":""},"categories":[3],"tags":[],"_links":{"self":[{"href":"http:\/\/dahofficial.com\/wordpress\/wp-json\/wp\/v2\/posts\/8636"}],"collection":[{"href":"http:\/\/dahofficial.com\/wordpress\/wp-json\/wp\/v2\/posts"}],"about":[{"href":"http:\/\/dahofficial.com\/wordpress\/wp-json\/wp\/v2\/types\/post"}],"author":[{"embeddable":true,"href":"http:\/\/dahofficial.com\/wordpress\/wp-json\/wp\/v2\/users\/3"}],"replies":[{"embeddable":true,"href":"http:\/\/dahofficial.com\/wordpress\/wp-json\/wp\/v2\/comments?post=8636"}],"version-history":[{"count":5,"href":"http:\/\/dahofficial.com\/wordpress\/wp-json\/wp\/v2\/posts\/8636\/revisions"}],"predecessor-version":[{"id":8641,"href":"http:\/\/dahofficial.com\/wordpress\/wp-json\/wp\/v2\/posts\/8636\/revisions\/8641"}],"wp:attachment":[{"href":"http:\/\/dahofficial.com\/wordpress\/wp-json\/wp\/v2\/media?parent=8636"}],"wp:term":[{"taxonomy":"category","embeddable":true,"href":"http:\/\/dahofficial.com\/wordpress\/wp-json\/wp\/v2\/categories?post=8636"},{"taxonomy":"post_tag","embeddable":true,"href":"http:\/\/dahofficial.com\/wordpress\/wp-json\/wp\/v2\/tags?post=8636"}],"curies":[{"name":"wp","href":"https:\/\/api.w.org\/{rel}","templated":true}]}}