{"id":8397,"date":"2018-08-15T17:40:49","date_gmt":"2018-08-15T15:40:49","guid":{"rendered":"http:\/\/dahofficial.com\/wordpress\/?p=8397"},"modified":"2022-08-15T16:32:05","modified_gmt":"2022-08-15T14:32:05","slug":"france-inter-daho-fan-de-pop-ep8","status":"publish","type":"post","link":"http:\/\/dahofficial.com\/wordpress\/2018\/08\/france-inter-daho-fan-de-pop-ep8\/","title":{"rendered":"France Inter &#8211; Daho fan de pop &#8211; Ep8"},"content":{"rendered":"<p>Publi\u00e9 le 15 ao\u00fbt 2018<br \/>\nMis \u00e0 jour le 22 ao\u00fbt 2018<\/p>\n<p><strong>DAHO FAN DE POP &#8211; POUR REMONTER AUX SOURCES DE LA DAHOMANIA &#8211; 48:51 minutes<\/strong><\/p>\n<p><strong><br \/>\n<\/strong><strong>Une grande s\u00e9rie en 9 \u00e9pisodes  de Jean-Luc Lehmann et Matthieu Ramsauer, qui retrace la vie et le parcours d\u2019Etienne Daho. Huiti\u00e8me \u00e9pisode le samedi 18 aout \u00e0 10h00 sur France Inter.  Et tous les samedis \u00e0 10h00.<\/strong><\/p>\n<p>A d\u00e9couvrir ou red\u00e9couvrir sur le site de <a href=\"https:\/\/www.franceinter.fr\/emissions\/daho-fan-de-pop\" target=\"_blank\" rel=\"noopener\"> France Inter ici<\/a>,<br \/>\nou via les podcast gratuits sur <a href=\"https:\/\/itunes.apple.com\/fr\/podcast\/daho-fan-de-pop\/id1405968367\" target=\"_blank\" rel=\"noopener\"> Itunes ici<\/a><\/p>\n<p><strong>Avec : <\/strong><br \/>\nNathalie No\u00ebnnec (Conseill\u00e8re en image) &#8211; Brigitte Fontaine (Ecrivain) &#8211; Frank Darcel (Musicien) &#8211; Arnold Turboust (Musicien) &#8211; Jean Eric Perrin (Ecrivain) &#8211; Benoit Cachin (Ecrivain) &#8211; Dominique Leguern (Ex Directrice de Marketing de Virgin) &#8211; Fran\u00e7oise Hardy (Musicienne) &#8211; Anne Claverie (Manager) &#8211; Flavien Berger (Musicien) &#8211; Marie Christine Eluard (Amie d\u2019enfance) &#8211; Emmanuelle Alt (Directrice du Vogue Paris et amie) &#8211; Edith Fambuena (Musicienne) &#8211; Marcello Giuliani (Bassiste) &#8211;  Jane Birkin (Musicienne et actrice) &#8211;<\/p>\n<p><strong>Musique :<\/strong><br \/>\n<q>Guilty of Love<\/q> de Unloved (Album <q>Guilty of Love<\/q>)<br \/>\n<q>Jungle Pulse<\/q> (live) de Etienne Daho (Album <q>Daho Pleyel Paris<\/q>)<br \/>\n<q>Sur la terre comme au ciel<\/q> (Instrumental maquette) (Album <q>L\u2019invitation<\/q>)<br \/>\n<q>Sortir ce soir<\/q> de Etienne Daho (Album <q>La Notte La Notte<\/q>)<br \/>\n<q>Sign\u00e9 Kiko<\/q> de Etienne Daho (Album <q>La Notte La Notte<\/q>)<br \/>\n<q>Le grand sommeil<\/q> (instrumental) de Etienne Daho (Album <q>La Notte La Notte<\/q>)<br \/>\n<q>Week end \u00e0 Rome<\/q> de Etienne Daho (Album <q>La Notte La Notte<\/q>)<br \/>\n<q>Jack tu n\u2019es pas un ange<\/q> de Etienne Daho (Album <q>La Notte La Notte<\/q>)<br \/>\n<q>Tomb\u00e9 pour la France<\/q> de Etienne Daho (Mini album <q>Tomb\u00e9 pour la France<\/q>)<br \/>\n<q>Satori th\u00e8me<\/q> de Etienne Daho (Album <q>Pop Satori<\/q>)<br \/>\n<q>Epaule Tattoo<\/q> de Etienne Daho (Album <q>Pop Satori<\/q>)<br \/>\n<q>4000 ann\u00e9es d\u2019horreur<\/q> de Etienne Daho (Album <q>Pop Satori<\/q>)<br \/>\n<q>Pari \u00e0 l\u2019h\u00f4tel<\/q> de Etienne Daho (Album <q>Pop Satori<\/q>)<br \/>\n<q>Duel au soleil<\/q> de Etienne Daho (Album <q>Pop Satori<\/q>)<br \/>\n<q>Late night<\/q> (improvisation) de Etienne Daho (Album <q>Pop Satori Deluxe<\/q>)<br \/>\n<q>Soudain<\/q> de Etienne Daho (Album <q>Eden<\/q>)<\/p>\n<p>Photo: Janusz Kawa<br \/>\n<img decoding=\"async\" style=\"border: none;\" src=\"http:\/\/dahofficial.com\/wordpress\/wp-content\/themes\/dahofficial\/discographie\/pop_satori\/images\/19860000_Etienne_CreditJanuszKawa.jpg\" border=\"0\" alt=\"Etienne Daho - Cr\u00e9dit Janusz Kawa\" width=\"560\"><\/p>\n<p>.<br \/>\nRADIO France : <a href=\"https:\/\/www.franceinter.fr\/\" target=\"_blank\" rel=\"noopener\"> France Inter<\/a>, le samedi \u00e0 10h00 du 30 juin au 25 ao\u00fbt<br \/>\nRADIO CANADA : <a href=\"https:\/\/ici.radio-canada.ca\/premiere\/emissions\" target=\"_blank\" rel=\"noopener\"> La Premi\u00e8re<\/a>, le vendredi \u00e0 21h00 du 29 juin au 24 ao\u00fbt (heure du Qu\u00e9bec)<br \/>\nRTBF : <a href=\"https:\/\/www.rtbf.be\/lapremiere\/\" target=\"_blank\" rel=\"noopener\"> La Premi\u00e8re<\/a>, le samedi \u00e0 10h00 du 30 juin au 25 ao\u00fbt<br \/>\nRTS : <a href=\"https:\/\/programmesradio.rts.ch\/la-1ere\" target=\"_blank\" rel=\"noopener\"> La Premi\u00e8re<\/a>, le dimanche \u00e0 11h00 du 1er juillet au 26 ao\u00fbt<br \/>\nRFI : <a href=\"http:\/\/www.rfi.fr\/emissions\/\" target=\"_blank\" rel=\"noopener\"> Quotidienne<\/a>, Du mardi 17 au vendredi 27 juillet, en quotidienne \u00e0 17h00<\/p>\n<p>Tous les \u00e9pisodes :<br \/>\n1. <a href=\"http:\/\/dahofficial.com\/wordpress\/2018\/06\/france-inter-daho-fan-de-pop-ep1\/\" target=\"_blank\" rel=\"noopener\"> LE PASSAGER<\/a><br \/>\n2. <a href=\"http:\/\/dahofficial.com\/wordpress\/2018\/07\/france-inter-daho-fan-de-pop-ep2\/\" target=\"_blank\" rel=\"noopener\"> TOUS LES CHEMINS MENENT A RENNES<\/a><br \/>\n3. <a href=\"http:\/\/dahofficial.com\/wordpress\/2018\/07\/france-inter-daho-fan-de-pop-ep3\/\" target=\"_blank\" rel=\"noopener\"> NEW YORK AILLEURS<\/a><br \/>\n4. <a href=\"http:\/\/dahofficial.com\/wordpress\/2018\/07\/france-inter-daho-fan-de-pop-ep4\/\" target=\"_blank\" rel=\"noopener\"> UNE VIE MARTIENNE<\/a><br \/>\n5. <a href=\"http:\/\/dahofficial.com\/wordpress\/2018\/07\/france-inter-daho-fan-de-pop-ep5\/\" target=\"_blank\" rel=\"noopener\"> ETIENNE AVANT DAHO<\/a><br \/>\n6. <a href=\"http:\/\/dahofficial.com\/wordpress\/2018\/08\/france-inter-daho-fan-de-pop-ep6\/\" target=\"_blank\" rel=\"noopener\"> L\u2019ENFANT DU PARADIS<\/a><br \/>\n7. <a href=\"http:\/\/dahofficial.com\/wordpress\/2018\/08\/daho-fan-de-pop-france-inter-ep7\/\" target=\"_blank\" rel=\"noopener\"> LES DIVINITES PUNK<\/a><br \/>\n8. <a href=\"http:\/\/dahofficial.com\/wordpress\/2018\/08\/france-inter-daho-fan-de-pop-ep8\/\" target=\"_blank\" rel=\"noopener\"> POUR REMONTER AUX SOURCES DE LA DAHOMANIA<\/a><br \/>\n9. <a href=\"http:\/\/dahofficial.com\/wordpress\/2018\/08\/france-inter-daho-fan-de-pop-ep9\/\" target=\"_blank\" rel=\"noopener\"> LA MUSIQUE DANS LA TETE<\/a><\/p>\n","protected":false},"excerpt":{"rendered":"<p>Publi\u00e9 le 15 ao\u00fbt 2018 Mis \u00e0 jour le 22 ao\u00fbt 2018 DAHO FAN DE POP &#8211; POUR REMONTER AUX SOURCES DE LA DAHOMANIA &#8211; 48:51 minutes Une grande s\u00e9rie en 9 \u00e9pisodes de Jean-Luc Lehmann et Matthieu Ramsauer, qui retrace la vie et le parcours d\u2019Etienne Daho. Huiti\u00e8me \u00e9pisode le samedi 18 aout \u00e0 [&hellip;]<\/p>\n","protected":false},"author":3,"featured_media":0,"comment_status":"open","ping_status":"open","sticky":false,"template":"","format":"standard","meta":{"footnotes":""},"categories":[1],"tags":[],"_links":{"self":[{"href":"http:\/\/dahofficial.com\/wordpress\/wp-json\/wp\/v2\/posts\/8397"}],"collection":[{"href":"http:\/\/dahofficial.com\/wordpress\/wp-json\/wp\/v2\/posts"}],"about":[{"href":"http:\/\/dahofficial.com\/wordpress\/wp-json\/wp\/v2\/types\/post"}],"author":[{"embeddable":true,"href":"http:\/\/dahofficial.com\/wordpress\/wp-json\/wp\/v2\/users\/3"}],"replies":[{"embeddable":true,"href":"http:\/\/dahofficial.com\/wordpress\/wp-json\/wp\/v2\/comments?post=8397"}],"version-history":[{"count":4,"href":"http:\/\/dahofficial.com\/wordpress\/wp-json\/wp\/v2\/posts\/8397\/revisions"}],"predecessor-version":[{"id":12110,"href":"http:\/\/dahofficial.com\/wordpress\/wp-json\/wp\/v2\/posts\/8397\/revisions\/12110"}],"wp:attachment":[{"href":"http:\/\/dahofficial.com\/wordpress\/wp-json\/wp\/v2\/media?parent=8397"}],"wp:term":[{"taxonomy":"category","embeddable":true,"href":"http:\/\/dahofficial.com\/wordpress\/wp-json\/wp\/v2\/categories?post=8397"},{"taxonomy":"post_tag","embeddable":true,"href":"http:\/\/dahofficial.com\/wordpress\/wp-json\/wp\/v2\/tags?post=8397"}],"curies":[{"name":"wp","href":"https:\/\/api.w.org\/{rel}","templated":true}]}}